{"id":2917,"date":"2023-02-03T17:10:12","date_gmt":"2023-02-03T17:10:12","guid":{"rendered":"https:\/\/resilientpreschools.eu\/?p=2917"},"modified":"2023-02-03T17:10:14","modified_gmt":"2023-02-03T17:10:14","slug":"pilotni-skoleni-predskolnich-odborniku","status":"publish","type":"post","link":"https:\/\/resilientpreschools.eu\/cs\/2023\/02\/03\/pilotni-skoleni-predskolnich-odborniku\/","title":{"rendered":"Pilotn\u00ed \u0161kolen\u00ed p\u0159ed\u0161koln\u00edch odborn\u00edk\u016f"},"content":{"rendered":"\n<p>V p\u011bti st\u00e1tech EU, v\u010detn\u011b \u010cesk\u00e9 Republiky, se pilotovala vzd\u011bl\u00e1vac\u00ed platforma projektu &#8212; >> https:\/\/elearning.resilientpreschools.eu\/cs\/ Na 40 p\u0159ed\u0161koln\u00edch odbornic a odborn\u00edk\u016f z cel\u00e9 \u010cR se z\u00fa\u010dastnilo 26. 4. \u2013 11. 5. \u0161kolen\u00ed k posilov\u00e1n\u00ed du\u0161evn\u00ed odolnosti p\u0159ed\u0161koln\u00edch d\u011bt\u00ed. D\u011bkujeme v\u0161em, \u017ee za pomoc\u00ed mindfulness, j\u00f3gy, pr\u00e1ce s emocemi, seberegulace, soci\u00e1ln\u011b &#8211; emo\u010dn\u00edho u\u010den\u00ed pom\u00e1h\u00e1te d\u011btem v budov\u00e1n\u00ed zdrav\u00fdch copingov\u00fdch strategi\u00ed a posilov\u00e1n\u00ed jejich du\u0161evn\u00ed odolnosti. Tak moc je to pot\u0159eba!<\/p>\n","protected":false},"excerpt":{"rendered":"<p>V p\u011bti st\u00e1tech EU, v\u010detn\u011b \u010cesk\u00e9 Republiky, se pilotovala vzd\u011bl\u00e1vac\u00ed platforma projektu &#8212; >> https:\/\/elearning.resilientpreschools.eu\/cs\/ Na 40 p\u0159ed\u0161koln\u00edch odbornic a odborn\u00edk\u016f z cel\u00e9 \u010cR se..<\/p>\n","protected":false},"author":4,"featured_media":2648,"comment_status":"closed","ping_status":"closed","sticky":false,"template":"","format":"standard","meta":{"_acf_changed":false,"footnotes":""},"categories":[27],"tags":[],"class_list":["post-2917","post","type-post","status-publish","format-standard","has-post-thumbnail","hentry","category-news-cs"],"acf":[],"_links":{"self":[{"href":"https:\/\/resilientpreschools.eu\/cs\/wp-json\/wp\/v2\/posts\/2917","targetHints":{"allow":["GET"]}}],"collection":[{"href":"https:\/\/resilientpreschools.eu\/cs\/wp-json\/wp\/v2\/posts"}],"about":[{"href":"https:\/\/resilientpreschools.eu\/cs\/wp-json\/wp\/v2\/types\/post"}],"author":[{"embeddable":true,"href":"https:\/\/resilientpreschools.eu\/cs\/wp-json\/wp\/v2\/users\/4"}],"replies":[{"embeddable":true,"href":"https:\/\/resilientpreschools.eu\/cs\/wp-json\/wp\/v2\/comments?post=2917"}],"version-history":[{"count":2,"href":"https:\/\/resilientpreschools.eu\/cs\/wp-json\/wp\/v2\/posts\/2917\/revisions"}],"predecessor-version":[{"id":2924,"href":"https:\/\/resilientpreschools.eu\/cs\/wp-json\/wp\/v2\/posts\/2917\/revisions\/2924"}],"wp:featuredmedia":[{"embeddable":true,"href":"https:\/\/resilientpreschools.eu\/cs\/wp-json\/wp\/v2\/media\/2648"}],"wp:attachment":[{"href":"https:\/\/resilientpreschools.eu\/cs\/wp-json\/wp\/v2\/media?parent=2917"}],"wp:term":[{"taxonomy":"category","embeddable":true,"href":"https:\/\/resilientpreschools.eu\/cs\/wp-json\/wp\/v2\/categories?post=2917"},{"taxonomy":"post_tag","embeddable":true,"href":"https:\/\/resilientpreschools.eu\/cs\/wp-json\/wp\/v2\/tags?post=2917"}],"curies":[{"name":"wp","href":"https:\/\/api.w.org\/{rel}","templated":true}]}}