{"id":2925,"date":"2023-02-03T17:12:05","date_gmt":"2023-02-03T17:12:05","guid":{"rendered":"https:\/\/resilientpreschools.eu\/?p=2925"},"modified":"2023-02-03T17:12:08","modified_gmt":"2023-02-03T17:12:08","slug":"podpora-dusevni-odolnosti-deti-v-predskolnim-vzdelavani","status":"publish","type":"post","link":"https:\/\/resilientpreschools.eu\/cs\/2023\/02\/03\/podpora-dusevni-odolnosti-deti-v-predskolnim-vzdelavani\/","title":{"rendered":"PODPORA DU\u0160EVN\u00cd ODOLNOSTI D\u011aT\u00cd V P\u0158ED\u0160KOLN\u00cdM VZD\u011aL\u00c1V\u00c1N\u00cd"},"content":{"rendered":"\n<p>V r\u00e1mci tohoto projektu tvo\u0159\u00edme pro p\u0159ed\u0161koln\u00ed u\u010ditelky*e praktick\u00fd v\u00fdukov\u00fd materi\u00e1l o vyu\u017eit\u00ed pozitivn\u00ed psychologie ve v\u00fduce d\u011bt\u00ed. M\u00e1me pro v\u00e1s k dispozici prvn\u00ed P\u0158\u00cdRU\u010cKU, kter\u00e1 je ke sta\u017een\u00ed ZDARMA ZDE. Projekt je prim\u00e1rn\u011b zam\u011b\u0159en na PODPORU DU\u0160EVN\u00cd OBLASTI D\u011aT\u00cd tzv. WELLBEING.<\/p>\n","protected":false},"excerpt":{"rendered":"<p>V r\u00e1mci tohoto projektu tvo\u0159\u00edme pro p\u0159ed\u0161koln\u00ed u\u010ditelky*e praktick\u00fd v\u00fdukov\u00fd materi\u00e1l o vyu\u017eit\u00ed pozitivn\u00ed psychologie ve v\u00fduce d\u011bt\u00ed. M\u00e1me pro v\u00e1s k dispozici prvn\u00ed P\u0158\u00cdRU\u010cKU,..<\/p>\n","protected":false},"author":4,"featured_media":0,"comment_status":"closed","ping_status":"closed","sticky":false,"template":"","format":"standard","meta":{"_acf_changed":false,"footnotes":""},"categories":[27],"tags":[],"class_list":["post-2925","post","type-post","status-publish","format-standard","hentry","category-news-cs"],"acf":[],"_links":{"self":[{"href":"https:\/\/resilientpreschools.eu\/cs\/wp-json\/wp\/v2\/posts\/2925","targetHints":{"allow":["GET"]}}],"collection":[{"href":"https:\/\/resilientpreschools.eu\/cs\/wp-json\/wp\/v2\/posts"}],"about":[{"href":"https:\/\/resilientpreschools.eu\/cs\/wp-json\/wp\/v2\/types\/post"}],"author":[{"embeddable":true,"href":"https:\/\/resilientpreschools.eu\/cs\/wp-json\/wp\/v2\/users\/4"}],"replies":[{"embeddable":true,"href":"https:\/\/resilientpreschools.eu\/cs\/wp-json\/wp\/v2\/comments?post=2925"}],"version-history":[{"count":2,"href":"https:\/\/resilientpreschools.eu\/cs\/wp-json\/wp\/v2\/posts\/2925\/revisions"}],"predecessor-version":[{"id":2937,"href":"https:\/\/resilientpreschools.eu\/cs\/wp-json\/wp\/v2\/posts\/2925\/revisions\/2937"}],"wp:attachment":[{"href":"https:\/\/resilientpreschools.eu\/cs\/wp-json\/wp\/v2\/media?parent=2925"}],"wp:term":[{"taxonomy":"category","embeddable":true,"href":"https:\/\/resilientpreschools.eu\/cs\/wp-json\/wp\/v2\/categories?post=2925"},{"taxonomy":"post_tag","embeddable":true,"href":"https:\/\/resilientpreschools.eu\/cs\/wp-json\/wp\/v2\/tags?post=2925"}],"curies":[{"name":"wp","href":"https:\/\/api.w.org\/{rel}","templated":true}]}}