{"id":2938,"date":"2023-02-03T17:14:55","date_gmt":"2023-02-03T17:14:55","guid":{"rendered":"https:\/\/resilientpreschools.eu\/?p=2938"},"modified":"2023-02-03T17:14:57","modified_gmt":"2023-02-03T17:14:57","slug":"podpora-dusevni-oblasti-nejen-deti","status":"publish","type":"post","link":"https:\/\/resilientpreschools.eu\/cs\/2023\/02\/03\/podpora-dusevni-oblasti-nejen-deti\/","title":{"rendered":"PODPORA DU\u0160EVN\u00cd OBLASTI nejen D\u011aT\u00cd"},"content":{"rendered":"\n<p>V r\u00e1mci tohoto projektu tvo\u0159\u00edme pro p\u0159ed\u0161koln\u00ed u\u010ditelky*e praktick\u00fd v\u00fdukov\u00fd materi\u00e1l o vyu\u017eit\u00ed pozitivn\u00ed psychologie ve v\u00fduce d\u011bt\u00ed. Bude k dispozici ZDARMA. Projekt je prim\u00e1rn\u011b zam\u011b\u0159en na PODPORU DU\u0160EVN\u00cd OBLASTI D\u011aT\u00cd tzv. WELLBEING.<\/p>\n","protected":false},"excerpt":{"rendered":"<p>V r\u00e1mci tohoto projektu tvo\u0159\u00edme pro p\u0159ed\u0161koln\u00ed u\u010ditelky*e praktick\u00fd v\u00fdukov\u00fd materi\u00e1l o vyu\u017eit\u00ed pozitivn\u00ed psychologie ve v\u00fduce d\u011bt\u00ed. Bude k dispozici ZDARMA. Projekt je prim\u00e1rn\u011b..<\/p>\n","protected":false},"author":4,"featured_media":2648,"comment_status":"closed","ping_status":"closed","sticky":false,"template":"","format":"standard","meta":{"_acf_changed":false,"footnotes":""},"categories":[27],"tags":[],"class_list":["post-2938","post","type-post","status-publish","format-standard","has-post-thumbnail","hentry","category-news-cs"],"acf":[],"_links":{"self":[{"href":"https:\/\/resilientpreschools.eu\/cs\/wp-json\/wp\/v2\/posts\/2938","targetHints":{"allow":["GET"]}}],"collection":[{"href":"https:\/\/resilientpreschools.eu\/cs\/wp-json\/wp\/v2\/posts"}],"about":[{"href":"https:\/\/resilientpreschools.eu\/cs\/wp-json\/wp\/v2\/types\/post"}],"author":[{"embeddable":true,"href":"https:\/\/resilientpreschools.eu\/cs\/wp-json\/wp\/v2\/users\/4"}],"replies":[{"embeddable":true,"href":"https:\/\/resilientpreschools.eu\/cs\/wp-json\/wp\/v2\/comments?post=2938"}],"version-history":[{"count":2,"href":"https:\/\/resilientpreschools.eu\/cs\/wp-json\/wp\/v2\/posts\/2938\/revisions"}],"predecessor-version":[{"id":2945,"href":"https:\/\/resilientpreschools.eu\/cs\/wp-json\/wp\/v2\/posts\/2938\/revisions\/2945"}],"wp:featuredmedia":[{"embeddable":true,"href":"https:\/\/resilientpreschools.eu\/cs\/wp-json\/wp\/v2\/media\/2648"}],"wp:attachment":[{"href":"https:\/\/resilientpreschools.eu\/cs\/wp-json\/wp\/v2\/media?parent=2938"}],"wp:term":[{"taxonomy":"category","embeddable":true,"href":"https:\/\/resilientpreschools.eu\/cs\/wp-json\/wp\/v2\/categories?post=2938"},{"taxonomy":"post_tag","embeddable":true,"href":"https:\/\/resilientpreschools.eu\/cs\/wp-json\/wp\/v2\/tags?post=2938"}],"curies":[{"name":"wp","href":"https:\/\/api.w.org\/{rel}","templated":true}]}}