{"id":2652,"date":"2022-01-30T15:14:13","date_gmt":"2022-01-30T15:14:13","guid":{"rendered":"https:\/\/resilientpreschools.eu\/2022\/01\/30\/1st-newsletter\/"},"modified":"2023-01-25T10:37:00","modified_gmt":"2023-01-25T10:37:00","slug":"1st-newsletter","status":"publish","type":"post","link":"https:\/\/resilientpreschools.eu\/ro\/2022\/01\/30\/1st-newsletter\/","title":{"rendered":"1st Newsletter"},"content":{"rendered":"\n<p><strong>PROIECTUL<\/strong><\/p>\n\n\n\n<p>Proiectul RESILIENT PRESCHOOLS se concentreaz\u0103 pe consolidarea capacit\u0103\u021bii educatorilor pre\u0219colari de a \u00eencuraja rezisten\u021ba psihologic\u0103 a copiilor \u0219i, prin urmare, de a proteja bun\u0103starea lor general\u0103.<br>Cofinan\u021bat de Comisia European\u0103 prin programul Erasmus+, proiectul implic\u0103 6 organiza\u021bii din 5 \u021b\u0103ri din Europa pentru a dezvolta resurse de calitate pentru o cultur\u0103 pozitiv\u0103 a pre\u0219colari, pe baza practicilor de psihologie pozitiv\u0103 \u0219i a descoperirilor \u0219tiin\u021bifice.<\/p>\n\n\n\n<a href=\"https:\/\/resilientpreschools.eu\/pdfs\/Resilient Preschools_Newsletter 1_RO.pdf\" target=\"_blank\" class=\"uk-button uk-button-primary\" rel=\"noopener\">Afl\u0103 mai multe<\/a>\n","protected":false},"excerpt":{"rendered":"<p>PROIECTUL Proiectul RESILIENT PRESCHOOLS se concentreaz\u0103 pe consolidarea capacit\u0103\u021bii educatorilor pre\u0219colari de a \u00eencuraja rezisten\u021ba psihologic\u0103 a copiilor \u0219i, prin urmare, de a proteja bun\u0103starea..<\/p>\n","protected":false},"author":4,"featured_media":2653,"comment_status":"closed","ping_status":"closed","sticky":false,"template":"","format":"standard","meta":{"_acf_changed":false,"footnotes":""},"categories":[30],"tags":[],"class_list":["post-2652","post","type-post","status-publish","format-standard","has-post-thumbnail","hentry","category-news-ro"],"acf":[],"_links":{"self":[{"href":"https:\/\/resilientpreschools.eu\/ro\/wp-json\/wp\/v2\/posts\/2652","targetHints":{"allow":["GET"]}}],"collection":[{"href":"https:\/\/resilientpreschools.eu\/ro\/wp-json\/wp\/v2\/posts"}],"about":[{"href":"https:\/\/resilientpreschools.eu\/ro\/wp-json\/wp\/v2\/types\/post"}],"author":[{"embeddable":true,"href":"https:\/\/resilientpreschools.eu\/ro\/wp-json\/wp\/v2\/users\/4"}],"replies":[{"embeddable":true,"href":"https:\/\/resilientpreschools.eu\/ro\/wp-json\/wp\/v2\/comments?post=2652"}],"version-history":[{"count":5,"href":"https:\/\/resilientpreschools.eu\/ro\/wp-json\/wp\/v2\/posts\/2652\/revisions"}],"predecessor-version":[{"id":2755,"href":"https:\/\/resilientpreschools.eu\/ro\/wp-json\/wp\/v2\/posts\/2652\/revisions\/2755"}],"wp:featuredmedia":[{"embeddable":true,"href":"https:\/\/resilientpreschools.eu\/ro\/wp-json\/wp\/v2\/media\/2653"}],"wp:attachment":[{"href":"https:\/\/resilientpreschools.eu\/ro\/wp-json\/wp\/v2\/media?parent=2652"}],"wp:term":[{"taxonomy":"category","embeddable":true,"href":"https:\/\/resilientpreschools.eu\/ro\/wp-json\/wp\/v2\/categories?post=2652"},{"taxonomy":"post_tag","embeddable":true,"href":"https:\/\/resilientpreschools.eu\/ro\/wp-json\/wp\/v2\/tags?post=2652"}],"curies":[{"name":"wp","href":"https:\/\/api.w.org\/{rel}","templated":true}]}}